{"id":4362,"date":"2025-10-25T23:20:55","date_gmt":"2025-10-25T21:20:55","guid":{"rendered":"https:\/\/parafia-przyszowice.pl\/w\/?p=4362"},"modified":"2025-10-25T23:23:47","modified_gmt":"2025-10-25T21:23:47","slug":"widowisko-z-okazji-100-lecia-archidiecezji-katowickiej","status":"publish","type":"post","link":"https:\/\/parafia-przyszowice.pl\/w\/aktualnosci\/widowisko-z-okazji-100-lecia-archidiecezji-katowickiej\/","title":{"rendered":"Widowisko z okazji 100-lecia Archidiecezji Katowickiej"},"content":{"rendered":"<div class=\"wp-block-image\">\n<figure class=\"aligncenter size-large is-resized\"><a href=\"https:\/\/parafia-przyszowice.pl\/w\/wp-content\/uploads\/2025\/10\/Katedra_plakat-A4-scaled.jpg\"><img loading=\"lazy\" decoding=\"async\" width=\"724\" height=\"1024\" src=\"https:\/\/parafia-przyszowice.pl\/w\/wp-content\/uploads\/2025\/10\/Katedra_plakat-A4-724x1024.jpg\" alt=\"\" class=\"wp-image-4363\" style=\"width:399px;height:auto\" srcset=\"https:\/\/parafia-przyszowice.pl\/w\/wp-content\/uploads\/2025\/10\/Katedra_plakat-A4-724x1024.jpg 724w, https:\/\/parafia-przyszowice.pl\/w\/wp-content\/uploads\/2025\/10\/Katedra_plakat-A4-212x300.jpg 212w, https:\/\/parafia-przyszowice.pl\/w\/wp-content\/uploads\/2025\/10\/Katedra_plakat-A4-768x1086.jpg 768w, https:\/\/parafia-przyszowice.pl\/w\/wp-content\/uploads\/2025\/10\/Katedra_plakat-A4-1086x1536.jpg 1086w, https:\/\/parafia-przyszowice.pl\/w\/wp-content\/uploads\/2025\/10\/Katedra_plakat-A4-1448x2048.jpg 1448w, https:\/\/parafia-przyszowice.pl\/w\/wp-content\/uploads\/2025\/10\/Katedra_plakat-A4-scaled.jpg 1810w\" sizes=\"auto, (max-width: 724px) 100vw, 724px\" \/><\/a><\/figure>\n<\/div>\n\n\n<p><\/p>\n\n\n\n<p class=\"has-text-align-center\"><strong>\u201eKatedra\u201d<\/strong> <br><strong>Widowisko z okazji 100-lecia Archidiecezji Katowickiej<\/strong><br><strong>Katowicki Spodek, 26.11.2025 r., godz. 18.30<\/strong><\/p>\n\n\n\n<p class=\"has-text-align-center\">Utw\u00f3r promuj\u0105cy Widowisko Katedra: <a href=\"https:\/\/youtu.be\/HOiW2_K2Xt4\" target=\"_blank\" rel=\"noreferrer noopener\">https:\/\/youtu.be\/HOiW2_K2Xt4<\/a>&nbsp;<\/p>\n\n\n\n<p>&nbsp;&nbsp;&nbsp;&nbsp;&nbsp;&nbsp;&nbsp;&nbsp;&nbsp;&nbsp;&nbsp; Widowisko \u201eKatedra\u201d powstaje jako symboliczne zwie\u0144czenie jubileuszu 100-lecia Archidiecezji Katowickiej. Kontekst przedstawienia stanowi\u0105 ostatnie dziesi\u0119\u0107 dekad historii \u015al\u0105ska, nierozerwalnie zwi\u0105zane z dziejami lokalnego Ko\u015bcio\u0142a.<br>&nbsp;&nbsp;&nbsp;&nbsp;&nbsp;&nbsp;&nbsp;&nbsp;&nbsp;&nbsp;&nbsp; Tematyczn\u0105 i artystyczn\u0105 inspiracj\u0105 widowiska jest architektura oraz wystr\u00f3j katowickiej Katedry. Wielkie tematy chrze\u015bcija\u0144stwa oraz istotne wydarzenia historyczne regionu by\u0142y przez dziesi\u0119ciolecia interpretowane przez artyst\u00f3w, kt\u00f3rzy tworzyli jej bry\u0142\u0119, witra\u017ce, rze\u017aby, mozaiki i obrazy. Dla tw\u00f3rc\u00f3w przedstawienia s\u0105 one punktem wyj\u015bcia do scenicznej opowie\u015bci obejmuj\u0105cej zar\u00f3wno podejmowane tematy, jak i ich plastyczno-wizjonerskie opracowania.<\/p>\n\n\n\n<p>&nbsp;&nbsp;&nbsp;&nbsp;&nbsp;&nbsp;&nbsp;&nbsp;&nbsp;&nbsp;&nbsp; Dwa g\u0142\u00f3wne motywy \u2013 Credo i Sakramenty \u2013 spajaj\u0105 ca\u0142\u0105 dramaturgi\u0119 przedstawienia, kt\u00f3re rozgrywa si\u0119 w kontek\u015bcie historii \u015bwiata \u2013 od stworzenia a\u017c po jego kres w Bogu.<\/p>\n\n\n\n<p>&nbsp;&nbsp;&nbsp;&nbsp;&nbsp;&nbsp;&nbsp;&nbsp;&nbsp;&nbsp;&nbsp; W centrum wielkich temat\u00f3w zawsze znajduje si\u0119 cz\u0142owiek \u2013 z jego wyborami, codzienno\u015bci\u0105, rado\u015bciami i smutkami. Dla tw\u00f3rc\u00f3w widowiska stanowi on nieustanny punkt odniesienia. \u201eKatedra\u201d jest wi\u0119c spektaklem opowiadaj\u0105cym o prze\u017cywaniu wiary, wyborach, heroizmie i mi\u0142o\u015bci, ale tak\u017ce o prostych, codziennych sprawach.<br>&nbsp;&nbsp;&nbsp;&nbsp;&nbsp;&nbsp;&nbsp;&nbsp;&nbsp;&nbsp;&nbsp; Wcze\u015bniejsze widowiska w katowickim Spodku, realizowane przez wsp\u00f3\u0142autor\u00f3w \u201eKatedry\u201d (takie jak \u201eFranciszek \u2013 wezwanie z Asy\u017cu\u201d, \u201eExodus\u201d, \u201eJonasz\u201d oraz \u201eMaryja\u201d), przyci\u0105gn\u0119\u0142y \u0142\u0105cznie kilkadziesi\u0105t tysi\u0119cy widz\u00f3w. Formu\u0142a, w jakiej realizowane by\u0142y te spektakle, rozwija\u0142a si\u0119 z ka\u017cdym kolejnym przedstawieniem, zawsze jednak opiera\u0142a si\u0119 na kilkusetosobowym zespole wykonawczym (orkiestra, wokali\u015bci, ch\u00f3r, tancerze, aktorzy) oraz spektakularnej inscenizacji i scenografii, tworzonej w ca\u0142ej przestrzeni areny Spodka.<br>Tym razem obiekt pomie\u015bci budowan\u0105 na oczach widz\u00f3w replik\u0119 fasady i wn\u0119trz katowickiej katedry (w skali 1:2), co jest zaledwie pocz\u0105tkiem zapowiadanych przez realizator\u00f3w spektakularnych atrakcji.<\/p>\n\n\n\n<p>&nbsp;&nbsp;&nbsp;&nbsp;&nbsp;&nbsp;&nbsp;&nbsp;&nbsp;&nbsp;&nbsp; Istotn\u0105 cech\u0105 widowisk tworzonych w ostatniej dekadzie by\u0142 udzia\u0142 artyst\u00f3w profesjonalnych, uczni\u00f3w szk\u00f3\u0142 artystycznych oraz pasjonat\u00f3w \u2013 wolontariuszy. Nie inaczej b\u0119dzie i tym razem. Tw\u00f3rcy przedstawienia pragn\u0105 w\u0142\u0105czy\u0107 w sceniczn\u0105 akcj\u0119 osoby z r\u00f3\u017cnych \u015brodowisk regionu, w kluczu wielopokoleniowym.<\/p>\n\n\n\n<p>&nbsp;&nbsp;&nbsp;&nbsp;&nbsp;&nbsp;&nbsp;&nbsp;&nbsp;&nbsp;&nbsp; Nad inscenizacj\u0105 pracuje zesp\u00f3\u0142 artystyczny, kt\u00f3rego trzon stanowi\u0105 tw\u00f3rcy odpowiedzialni za wcze\u015bniejsze Widowiska w katowickim Spodku.<\/p>\n\n\n\n<p>&nbsp;&nbsp;&nbsp;&nbsp;&nbsp;&nbsp;&nbsp;&nbsp;&nbsp;&nbsp;&nbsp; <strong>Bilety mo\u017cna otrzyma\u0107 w parafiach archidiecezji katowickiej, w Wydziale Katechetycznym lub nabywa\u0107 na biletyna.pl<\/strong><\/p>\n\n\n\n<p><strong>Produkcja<\/strong><\/p>\n\n\n\n<ul class=\"wp-block-list\">\n<li>Katolicka Fundacja \u201eM\u0142odzi dla M\u0142odych\u201d &#8211; ks. dr Robert Kaczmarek<\/li>\n<\/ul>\n\n\n\n<p><strong>Tw\u00f3rcy<\/strong><\/p>\n\n\n\n<ul class=\"wp-block-list\">\n<li>Dramaturgia (obraz, muzyka, tekst), re\u017cyseria, kierownictwo artystyczne: Mariusz Kozubek<\/li>\n\n\n\n<li>Muzyka, aran\u017cacje, kierownictwo i produkcja muzyczna, dyrygent: Piotr Solorz<\/li>\n\n\n\n<li>G\u0142\u00f3wny choreograf spektaklu: Alberto Pecetto (uk\u0142ady taneczne Baletu Opery \u015al\u0105skiej)<\/li>\n\n\n\n<li>Pozostali choreografowie: Henryk Konwi\u0144ski (dwa duety taneczne Alberto Pecetto i Ellen Bremer-Skwarek), Tomasz Tuszy\u0144ski (dzia\u0142ania taneczne Teatru \u201eCordis\u201d), Daniel Dziurka (ta\u0144ce ludowe zespo\u0142u \u201eMa\u0142y \u015al\u0105sk\u201d)<\/li>\n\n\n\n<li>Projekcje filmowe, zdj\u0119cia, teledyski: Bartosz Dominik<\/li>\n\n\n\n<li>Scenografia multimedialna: Tomasz Grimm<\/li>\n\n\n\n<li>Kostiumy, opracowania graficzne: Agnieszka Jasi\u0144ska<\/li>\n\n\n\n<li>Asystent re\u017cysera: Dorota Betlej<\/li>\n\n\n\n<li>Pracownia scenograficzna: Mateusz Wudecki<\/li>\n\n\n\n<li>Nagrania audio: Micha\u0142 Michnik, Piotr Solorz<\/li>\n\n\n\n<li>Plakat widowiska: prof. Roman Kalarus<\/li>\n<\/ul>\n\n\n\n<p><strong>Organizacja produkcji i promocji<\/strong><\/p>\n\n\n\n<ul class=\"wp-block-list\">\n<li>Biuro organizacyjne: Ma\u0142gorzata Krzeszowska<\/li>\n\n\n\n<li>Wsp\u00f3\u0142praca organizacyjna, kwerenda materia\u0142\u00f3w archiwalnych: Mirela Gontarz<\/li>\n\n\n\n<li>Media spo\u0142eczno\u015bciowe: Sara Solorz<\/li>\n<\/ul>\n\n\n\n<p><strong>Wyst\u0119puj\u0105<\/strong><\/p>\n\n\n\n<p><strong>Wokali\u015bci:<\/strong><\/p>\n\n\n\n<ul class=\"wp-block-list\">\n<li>Aleksandra Blanik-Gawrych, Karolina Hozer, Magdalena i Kamil Klimek, Jakub Borgiel i Kacper Trela<\/li>\n<\/ul>\n\n\n\n<p><strong>Zespo\u0142y muzyczne:<\/strong><\/p>\n\n\n\n<ul class=\"wp-block-list\">\n<li>Orkiestra Symfoniczna Afidare Musicae (przygotowanie Pawe\u0142 Lelek) ze specjalnym udzia\u0142em prof. Juliana Gembalskiego (organy)<\/li>\n\n\n\n<li>Akademicki Ch\u00f3r Politechniki \u015al\u0105skiej (przygotowanie Tomasz Giedwi\u0142\u0142o)<\/li>\n\n\n\n<li>Ch\u00f3r \u201eResonans con tutti\u201d (przygotowanie Arlena i Waldemar Ga\u0142\u0105zka)<\/li>\n\n\n\n<li>Ch\u00f3ry uczestnicz\u0105ce w spotkaniu z Janem Paw\u0142em II na Muchowcu w 1983 r.<\/li>\n<\/ul>\n\n\n\n<p><strong>Zespo\u0142y taneczne i teatralne:<\/strong><\/p>\n\n\n\n<ul class=\"wp-block-list\">\n<li>Zesp\u00f3\u0142 Baletu Opery \u015al\u0105skiej (soli\u015bci: Alberto Pecetto i Ellen Bremer-Skwarek)<\/li>\n\n\n\n<li>Teatr \u201eCordis\u201d (przygotowanie Tomasz Tuszy\u0144ski)<\/li>\n\n\n\n<li>Zesp\u00f3\u0142 Pie\u015bni i Ta\u0144ca \u201eMa\u0142y \u015al\u0105sk\u201d z Centrum Kultury \u201eKarolinka\u201d w Radzionkowie (przygotowanie Daniel Dziurka)<\/li>\n\n\n\n<li>Okazjonalny Teatr Ruchu \u201ePasjonaci\u201d<\/li>\n\n\n\n<li>Zesp\u00f3\u0142 teatralno-muzyczny \u201eOd Serca\u201d z O\u015brodka dla Os\u00f3b Niepe\u0142nosprawnych Naj\u015bwi\u0119tsze Serce Jezusa w Rudzie \u015al\u0105skiej<\/li>\n<\/ul>\n\n\n\n<p><strong>Wsp\u00f3lnoty:<\/strong><\/p>\n\n\n\n<ul class=\"wp-block-list\">\n<li>Kap\u0142ani<\/li>\n\n\n\n<li>Zakonnice i Zakonnicy<\/li>\n\n\n\n<li>Rodziny z niemowl\u0119tami<\/li>\n\n\n\n<li>Pary ma\u0142\u017ce\u0144skie<\/li>\n\n\n\n<li>Niepe\u0142nosprawni<\/li>\n\n\n\n<li>Diakonia flagowa<\/li>\n\n\n\n<li>Duszpasterstwo obcokrajowc\u00f3w<\/li>\n\n\n\n<li>i inni.<\/li>\n<\/ul>\n\n\n\n<p><strong>Patronat honorowy<\/strong><\/p>\n\n\n\n<ul class=\"wp-block-list\">\n<li>JE Ksi\u0105dz Arcybiskup Andrzej Przybylski<\/li>\n\n\n\n<li>Wojewoda \u015al\u0105ski Marek W\u00f3jcik<\/li>\n\n\n\n<li>Marsza\u0142ek Wojew\u00f3dztwa \u015al\u0105skiego Wojciech Sa\u0142uga<\/li>\n\n\n\n<li>Prezydent Miasta Katowice Marcin Krupa<\/li>\n<\/ul>\n\n\n\n<p><strong>Patronat medialny<\/strong><\/p>\n\n\n\n<ul class=\"wp-block-list\">\n<li>\u201eGo\u015b\u0107 Niedzielny\u201d<\/li>\n\n\n\n<li>Radio eM<\/li>\n\n\n\n<li>Katolicka Agencja Informacyjna<\/li>\n\n\n\n<li>TVP3 Katowice<\/li>\n\n\n\n<li>Polskie Radio Katowice<\/li>\n\n\n\n<li>Miesi\u0119cznik Spo\u0142eczno-Kulturalny \u201e\u015al\u0105sk\u201d<\/li>\n<\/ul>\n\n\n\n<p><strong>Partnerzy<\/strong><\/p>\n\n\n\n<ul class=\"wp-block-list\">\n<li>Wojew\u00f3dztwo \u015al\u0105skie \u2013 Instytut im. Wojciecha Korfantego<\/li>\n\n\n\n<li>G\u00f3rno\u015bl\u0105sko-Zag\u0142\u0119biowska Metropolia<\/li>\n\n\n\n<li>Opera \u015al\u0105ska w Bytomiu<\/li>\n\n\n\n<li>Teatr \u201eCordis\u201d<\/li>\n\n\n\n<li>Stowarzyszenie Afidare Musicae<\/li>\n\n\n\n<li>Akademicki Ch\u00f3r Politechniki \u015al\u0105skiej<\/li>\n\n\n\n<li>Zabrza\u0144ski Ch\u00f3r M\u0142odzie\u017cowy \u201eResonans con tutti\u201d im. N. G. Kroczka<br>Zesp\u00f3\u0142 Pie\u015bni i Ta\u0144ca \u201eMa\u0142y \u015al\u0105sk\u201d<\/li>\n\n\n\n<li>Centrum Kultury \u201eKarolinka\u201d w Radzionkowie<\/li>\n\n\n\n<li>Caritas Archidiecezji Katowickiej<\/li>\n\n\n\n<li>O\u015brodek dla Os\u00f3b Niepe\u0142nosprawnych Naj\u015bwi\u0119tsze Serce Jezusa w Rudzie \u015al\u0105skiej<\/li>\n\n\n\n<li>Zak\u0142ad Mi\u0119sny Poliwczak w Mys\u0142owicach<\/li>\n\n\n\n<li>Zesp\u00f3\u0142 Szk\u00f3\u0142 nr 6 im. Kr\u00f3la Jana III Sobieskiego w Jastrz\u0119biu Zdroju<\/li>\n\n\n\n<li>Archikatedra Chrystusa Kr\u00f3la w Katowicach<\/li>\n<\/ul>\n","protected":false},"excerpt":{"rendered":"<p>\u201eKatedra\u201d Widowisko z okazji 100-lecia Archidiecezji KatowickiejKatowicki Spodek, 26.11.2025 r., godz. 18.30 Utw\u00f3r promuj\u0105cy Widowisko Katedra: https:\/\/youtu.be\/HOiW2_K2Xt4&nbsp; &nbsp;&nbsp;&nbsp;&nbsp;&nbsp;&nbsp;&nbsp;&nbsp;&nbsp;&nbsp;&nbsp; Widowisko \u201eKatedra\u201d powstaje jako symboliczne zwie\u0144czenie jubileuszu 100-lecia Archidiecezji Katowickiej. Kontekst przedstawienia stanowi\u0105 ostatnie dziesi\u0119\u0107 dekad historii \u015al\u0105ska, nierozerwalnie zwi\u0105zane z dziejami lokalnego Ko\u015bcio\u0142a.&nbsp;&nbsp;&nbsp;&nbsp;&nbsp;&nbsp;&nbsp;&nbsp;&nbsp;&nbsp;&nbsp; Tematyczn\u0105 i artystyczn\u0105 inspiracj\u0105 widowiska jest architektura oraz wystr\u00f3j katowickiej Katedry. Wielkie tematy [&hellip;]<\/p>\n","protected":false},"author":1,"featured_media":0,"comment_status":"closed","ping_status":"open","sticky":false,"template":"","format":"standard","meta":{"footnotes":""},"categories":[4],"tags":[],"class_list":["post-4362","post","type-post","status-publish","format-standard","hentry","category-aktualnosci"],"_links":{"self":[{"href":"https:\/\/parafia-przyszowice.pl\/w\/wp-json\/wp\/v2\/posts\/4362","targetHints":{"allow":["GET"]}}],"collection":[{"href":"https:\/\/parafia-przyszowice.pl\/w\/wp-json\/wp\/v2\/posts"}],"about":[{"href":"https:\/\/parafia-przyszowice.pl\/w\/wp-json\/wp\/v2\/types\/post"}],"author":[{"embeddable":true,"href":"https:\/\/parafia-przyszowice.pl\/w\/wp-json\/wp\/v2\/users\/1"}],"replies":[{"embeddable":true,"href":"https:\/\/parafia-przyszowice.pl\/w\/wp-json\/wp\/v2\/comments?post=4362"}],"version-history":[{"count":5,"href":"https:\/\/parafia-przyszowice.pl\/w\/wp-json\/wp\/v2\/posts\/4362\/revisions"}],"predecessor-version":[{"id":4370,"href":"https:\/\/parafia-przyszowice.pl\/w\/wp-json\/wp\/v2\/posts\/4362\/revisions\/4370"}],"wp:attachment":[{"href":"https:\/\/parafia-przyszowice.pl\/w\/wp-json\/wp\/v2\/media?parent=4362"}],"wp:term":[{"taxonomy":"category","embeddable":true,"href":"https:\/\/parafia-przyszowice.pl\/w\/wp-json\/wp\/v2\/categories?post=4362"},{"taxonomy":"post_tag","embeddable":true,"href":"https:\/\/parafia-przyszowice.pl\/w\/wp-json\/wp\/v2\/tags?post=4362"}],"curies":[{"name":"wp","href":"https:\/\/api.w.org\/{rel}","templated":true}]}}