{"id":4021,"date":"2022-03-05T15:48:20","date_gmt":"2022-03-05T14:48:20","guid":{"rendered":"http:\/\/parafia-przyszowice.pl\/w\/?p=4021"},"modified":"2022-03-05T15:49:42","modified_gmt":"2022-03-05T14:49:42","slug":"pomoc-ukrainie","status":"publish","type":"post","link":"https:\/\/parafia-przyszowice.pl\/w\/aktualnosci\/pomoc-ukrainie\/","title":{"rendered":"POMOC UKRAINIE"},"content":{"rendered":"\n<p>\u201eRuszy\u0142a akcja Paczka dla Ukrainy w odpowiedzi na inwazj\u0119 Rosji na Ukrain\u0119. Skala kryzysu humanitarnego ro\u015bnie z ka\u017cd\u0105 minut\u0105. Brakuje \u017cywno\u015bci, \u015brodk\u00f3w higienicznych, opatrunk\u00f3w. Kobiety z dzie\u0107mi czekaj\u0105ce wiele godzin w kolejce do przej\u015bcia granicznego, nie maj\u0105 co da\u0107 dzieciom do jedzenia. Ide\u0105 akcji jest tworzenie gotowej paczki przez polskie rodziny, wsp\u00f3lnoty parafialne, Szkolne Ko\u0142a Caritas dla rodzin na Ukrainie, b\u0105d\u017a przekazywane na miejscu uchod\u017acom z Ukrainy, kt\u00f3rzy nie posiadaj\u0105 \u015brodk\u00f3w do \u017cycia.<\/p>\n\n\n\n<p>Paczk\u0119 nale\u017cy przygotowa\u0107 wed\u0142ug konkretnej listy 34 produkt\u00f3w, kt\u00f3ra jest dost\u0119pna w na stronie diecezjalnej Caritas w aktualno\u015bciach <a href=\"https:\/\/katowice.caritas.pl\">https:\/\/katowice.caritas.pl<\/a> oraz w informacjach parafialnych. Prosimy o zakupienie <strong>wy\u0142\u0105cznie <\/strong>wskazanych produkt\u00f3w, umieszczenie ich w kartonowym pudle o wymiarach: szeroko\u015b\u0107 53 cm x g\u0142\u0119boko\u015b\u0107 40 cm x wysoko\u015b\u0107 26 cm. Masa paczki powinna wynosi\u0107 max. 16-18 kg. Do paczki wk\u0142adamy r\u00f3wnie\u017c list napisany po ukrai\u0144sku, kt\u00f3rego tre\u015b\u0107 jest r\u00f3wnie\u017c do pobrania ze strony internetowej Caritas. Kartony powinny by\u0107 wytrzyma\u0142e i zamykane od g\u00f3ry. Prosimy o niezaklejanie zamkni\u0119cia. Gotowe kartony przekazujemy do parafii we wskazane przez ksi\u0119dza proboszcza miejsce. Prosimy, aby w\u015br\u00f3d parafian znale\u017ali si\u0119 wolontariusze, kt\u00f3rzy w\u0142asnym transportem przewioz\u0105 zebrane paczki do najbli\u017cszego o\u015brodka naszej diecezjalnej Caritas. W tej sprawie prosimy kontaktowa\u0107 si\u0119 z kancelari\u0105 parafialn\u0105 pod numerem 32 2357213.<\/p>\n\n\n\n<p>Caritas Polska prosi aby do paczki do\u0142o\u017cy\u0107 \u015brodki przeciwb\u00f3lowe typu IBUPROM, APAP, kt\u00f3re mo\u017cna kupi\u0107 w sklepie.<\/p>\n\n\n\n<p><strong>Paczki sk\u0142adamy od wtorku (08.03.2022) w godzinach 10:00 &#8211; 17:00 w salkach katechetycznych, a\u017c do odwo\u0142ania.<\/strong><\/p>\n\n\n\n<iframe loading=\"lazy\" src=\"https:\/\/onedrive.live.com\/embed?cid=39FB4E774E3088E0&#038;resid=39FB4E774E3088E0%2128146&#038;authkey=ALn3HQSpKju82tM&#038;em=2\" width=\"700\" height=\"1000\" frameborder=\"0\" scrolling=\"no\"><\/iframe>\n\n\n\n<iframe loading=\"lazy\" src=\"https:\/\/onedrive.live.com\/embed?cid=39FB4E774E3088E0&#038;resid=39FB4E774E3088E0%2128145&#038;authkey=AOgvCQC-KZcvpl4&#038;em=2\" width=\"700\" height=\"1000\" frameborder=\"0\" scrolling=\"no\"><\/iframe>\n","protected":false},"excerpt":{"rendered":"<p>\u201eRuszy\u0142a akcja Paczka dla Ukrainy w odpowiedzi na inwazj\u0119 Rosji na Ukrain\u0119. Skala kryzysu humanitarnego ro\u015bnie z ka\u017cd\u0105 minut\u0105. Brakuje \u017cywno\u015bci, \u015brodk\u00f3w higienicznych, opatrunk\u00f3w. Kobiety z dzie\u0107mi czekaj\u0105ce wiele godzin w kolejce do przej\u015bcia granicznego, nie maj\u0105 co da\u0107 dzieciom do jedzenia. Ide\u0105 akcji jest tworzenie gotowej paczki przez polskie rodziny, wsp\u00f3lnoty parafialne, Szkolne Ko\u0142a [&hellip;]<\/p>\n","protected":false},"author":1,"featured_media":0,"comment_status":"closed","ping_status":"open","sticky":false,"template":"","format":"standard","meta":{"footnotes":""},"categories":[4],"tags":[],"class_list":["post-4021","post","type-post","status-publish","format-standard","hentry","category-aktualnosci"],"_links":{"self":[{"href":"https:\/\/parafia-przyszowice.pl\/w\/wp-json\/wp\/v2\/posts\/4021","targetHints":{"allow":["GET"]}}],"collection":[{"href":"https:\/\/parafia-przyszowice.pl\/w\/wp-json\/wp\/v2\/posts"}],"about":[{"href":"https:\/\/parafia-przyszowice.pl\/w\/wp-json\/wp\/v2\/types\/post"}],"author":[{"embeddable":true,"href":"https:\/\/parafia-przyszowice.pl\/w\/wp-json\/wp\/v2\/users\/1"}],"replies":[{"embeddable":true,"href":"https:\/\/parafia-przyszowice.pl\/w\/wp-json\/wp\/v2\/comments?post=4021"}],"version-history":[{"count":3,"href":"https:\/\/parafia-przyszowice.pl\/w\/wp-json\/wp\/v2\/posts\/4021\/revisions"}],"predecessor-version":[{"id":4024,"href":"https:\/\/parafia-przyszowice.pl\/w\/wp-json\/wp\/v2\/posts\/4021\/revisions\/4024"}],"wp:attachment":[{"href":"https:\/\/parafia-przyszowice.pl\/w\/wp-json\/wp\/v2\/media?parent=4021"}],"wp:term":[{"taxonomy":"category","embeddable":true,"href":"https:\/\/parafia-przyszowice.pl\/w\/wp-json\/wp\/v2\/categories?post=4021"},{"taxonomy":"post_tag","embeddable":true,"href":"https:\/\/parafia-przyszowice.pl\/w\/wp-json\/wp\/v2\/tags?post=4021"}],"curies":[{"name":"wp","href":"https:\/\/api.w.org\/{rel}","templated":true}]}}