{"id":3177,"date":"2018-02-04T08:22:34","date_gmt":"2018-02-04T07:22:34","guid":{"rendered":"http:\/\/parafia-przyszowice.pl\/w\/?p=3177"},"modified":"2020-03-24T06:13:54","modified_gmt":"2020-03-24T05:13:54","slug":"bierzmowanie-2","status":"publish","type":"post","link":"https:\/\/parafia-przyszowice.pl\/w\/sakramenty-swiete\/bierzmowanie-2\/","title":{"rendered":"Bierzmowanie"},"content":{"rendered":"<p><strong>Bierzmowanie m\u0142odzie\u017cy<\/strong><br \/>\nBierzmowanie przyjmuje zasadniczo m\u0142odzie\u017c klas 8 po odpowiednim przygotowaniu. Sakrament ten jest udzielany przez biskupa podczas Mszy, zazwyczaj w maju lub czerwcu.<\/p>\n<p><strong>Bierzmowanie doros\u0142ych<\/strong><br \/>\nOsoby, kt\u00f3re nie przyj\u0119\u0142y tego sakramentu w odpowiednim czasie, a chc\u0105 go uzupe\u0142ni\u0107, winny zg\u0142osi\u0107 si\u0119 do ksi\u0119dza proboszcza w celu ustalenia sposobu przygotowania.<\/p>\n<p>Po przygotowaniu mo\u017cna przyst\u0105pi\u0107 do bierzmowania z m\u0142odzie\u017c\u0105 w parafii lub w katedrze (katowickiej ewentualnie gliwickiej), gdzie sakrament ten udzielany jest w wyznaczonych terminach kilka razy w roku.<\/p>\n","protected":false},"excerpt":{"rendered":"<p>Bierzmowanie m\u0142odzie\u017cy Bierzmowanie przyjmuje zasadniczo m\u0142odzie\u017c klas 8 po odpowiednim przygotowaniu. Sakrament ten jest udzielany przez biskupa podczas Mszy, zazwyczaj w maju lub czerwcu. Bierzmowanie doros\u0142ych Osoby, kt\u00f3re nie przyj\u0119\u0142y tego sakramentu w odpowiednim czasie, a chc\u0105 go uzupe\u0142ni\u0107, winny zg\u0142osi\u0107 si\u0119 do ksi\u0119dza proboszcza w celu ustalenia sposobu przygotowania. Po przygotowaniu mo\u017cna przyst\u0105pi\u0107 do [&hellip;]<\/p>\n","protected":false},"author":1,"featured_media":0,"comment_status":"closed","ping_status":"open","sticky":false,"template":"","format":"standard","meta":{"footnotes":""},"categories":[26],"tags":[],"class_list":["post-3177","post","type-post","status-publish","format-standard","hentry","category-sakramenty-swiete"],"_links":{"self":[{"href":"https:\/\/parafia-przyszowice.pl\/w\/wp-json\/wp\/v2\/posts\/3177","targetHints":{"allow":["GET"]}}],"collection":[{"href":"https:\/\/parafia-przyszowice.pl\/w\/wp-json\/wp\/v2\/posts"}],"about":[{"href":"https:\/\/parafia-przyszowice.pl\/w\/wp-json\/wp\/v2\/types\/post"}],"author":[{"embeddable":true,"href":"https:\/\/parafia-przyszowice.pl\/w\/wp-json\/wp\/v2\/users\/1"}],"replies":[{"embeddable":true,"href":"https:\/\/parafia-przyszowice.pl\/w\/wp-json\/wp\/v2\/comments?post=3177"}],"version-history":[{"count":3,"href":"https:\/\/parafia-przyszowice.pl\/w\/wp-json\/wp\/v2\/posts\/3177\/revisions"}],"predecessor-version":[{"id":3536,"href":"https:\/\/parafia-przyszowice.pl\/w\/wp-json\/wp\/v2\/posts\/3177\/revisions\/3536"}],"wp:attachment":[{"href":"https:\/\/parafia-przyszowice.pl\/w\/wp-json\/wp\/v2\/media?parent=3177"}],"wp:term":[{"taxonomy":"category","embeddable":true,"href":"https:\/\/parafia-przyszowice.pl\/w\/wp-json\/wp\/v2\/categories?post=3177"},{"taxonomy":"post_tag","embeddable":true,"href":"https:\/\/parafia-przyszowice.pl\/w\/wp-json\/wp\/v2\/tags?post=3177"}],"curies":[{"name":"wp","href":"https:\/\/api.w.org\/{rel}","templated":true}]}}